{"id":37,"date":"2025-12-29T02:55:03","date_gmt":"2025-12-29T01:55:03","guid":{"rendered":"https:\/\/polityka-od-zera.pl\/?p=37"},"modified":"2025-12-31T00:34:08","modified_gmt":"2025-12-30T23:34:08","slug":"polityka-od-zera","status":"publish","type":"post","link":"https:\/\/polityka-od-zera.pl\/?p=37","title":{"rendered":"Dlaczego powsta\u0142a \u201ePolityka od zera\u201d (i dlaczego sam niewiele wiem)"},"content":{"rendered":"\n<hr class=\"wp-block-separator has-alpha-channel-opacity\"\/>\n\n\n\n<p>Przez wi\u0119kszo\u015b\u0107 \u017cycia <strong>nie interesowa\u0142em si\u0119 polityk\u0105<\/strong>.<br>Nie dlatego, \u017ce uwa\u017ca\u0142em j\u0105 za niewa\u017cn\u0105 \u2014 po prostu <strong>jej nie rozumia\u0142em<\/strong>. Wiadomo\u015bci brzmia\u0142y jak rozmowa ludzi, kt\u00f3rzy wszyscy wiedz\u0105 co\u015b, czego ja nie wiem.<\/p>\n\n\n\n<p>W pewnym momencie dotar\u0142o do mnie, \u017ce problemem nie jest brak ch\u0119ci, tylko <strong>brak prostych wyja\u015bnie\u0144<\/strong>. Dlatego postanowi\u0142em spr\u00f3bowa\u0107 czego\u015b innego.<\/p>\n\n\n\n<hr class=\"wp-block-separator has-alpha-channel-opacity\"\/>\n\n\n\n<h2 class=\"wp-block-heading\">O co dok\u0142adnie chodzi w tym projekcie?<\/h2>\n\n\n\n<p><strong>\u201ePolityka od zera\u201d<\/strong> to miejsce dla os\u00f3b, kt\u00f3re:<\/p>\n\n\n\n<ul class=\"wp-block-list\">\n<li>nie \u015bledz\u0105 polityki na co dzie\u0144,<\/li>\n\n\n\n<li>gubi\u0105 si\u0119 w poj\u0119ciach typu \u201eSejm\u201d, \u201eustawa\u201d, \u201eopozycja\u201d,<\/li>\n\n\n\n<li>czuj\u0105, \u017ce polityka ich dotyczy, ale jest zbyt chaotyczna i agresywna.<\/li>\n<\/ul>\n\n\n\n<p>Ja sam jestem jedn\u0105 z tych os\u00f3b.<\/p>\n\n\n\n<p>Nie jestem politologiem ani dziennikarzem. <strong>Ucz\u0119 si\u0119 polskiej polityki od podstaw<\/strong> i t\u0142umacz\u0119 j\u0105 tak, jak sam chcia\u0142bym j\u0105 rozumie\u0107 \u2014 prostym j\u0119zykiem, krok po kroku.<\/p>\n\n\n\n<hr class=\"wp-block-separator has-alpha-channel-opacity\"\/>\n\n\n\n<h2 class=\"wp-block-heading\">Jak to b\u0119dzie dzia\u0142a\u0107 w praktyce?<\/h2>\n\n\n\n<p>Ka\u017cdy tekst na tej stronie powstaje wed\u0142ug prostego schematu:<\/p>\n\n\n\n<ol class=\"wp-block-list\">\n<li>Trafiam na co\u015b, czego <strong>nie rozumiem<\/strong><\/li>\n\n\n\n<li>Sprawdzam podstawy: definicje, \u017ar\u00f3d\u0142a, oficjalne informacje<\/li>\n\n\n\n<li>Pr\u00f3buj\u0119 wyt\u0142umaczy\u0107 to <strong>najpro\u015bciej, jak si\u0119 da<\/strong><\/li>\n<\/ol>\n\n\n\n<p>Bez za\u0142o\u017cenia, \u017ce \u201ewszyscy wiedz\u0105, o co chodzi\u201d.<\/p>\n\n\n\n<p>Je\u015bli ja czego\u015b nie rozumiem \u2014 istnieje du\u017ca szansa, \u017ce Ty te\u017c.<\/p>\n\n\n\n<hr class=\"wp-block-separator has-alpha-channel-opacity\"\/>\n\n\n\n<h2 class=\"wp-block-heading\">Czego tu nie b\u0119dzie?<\/h2>\n\n\n\n<p>To jest wa\u017cne, wi\u0119c jasno:<\/p>\n\n\n\n<ul class=\"wp-block-list\">\n<li>\u274c nie b\u0119dzie agitacji politycznej<\/li>\n\n\n\n<li>\u274c nie b\u0119dzie m\u00f3wienia, na kogo g\u0142osowa\u0107<\/li>\n\n\n\n<li>\u274c nie b\u0119dzie oceniania, kto ma racj\u0119<\/li>\n<\/ul>\n\n\n\n<p><strong>Nie chc\u0119 m\u00f3wi\u0107, jak my\u015ble\u0107.<\/strong><br>Chc\u0119 pom\u00f3c <strong>zrozumie\u0107, co si\u0119 dzieje<\/strong>.<\/p>\n\n\n\n<hr class=\"wp-block-separator has-alpha-channel-opacity\"\/>\n\n\n\n<h2 class=\"wp-block-heading\">Dlaczego zaczynam od zera?<\/h2>\n\n\n\n<p>Bo dok\u0142adnie w tym miejscu jestem.<\/p>\n\n\n\n<p>Nie chc\u0119 udawa\u0107 eksperta ani nadrabia\u0107 lat wiedzy w tydzie\u0144.<br>Ten projekt to <strong>proces<\/strong> \u2014 m\u00f3j i, mam nadziej\u0119, tak\u017ce Tw\u00f3j.<\/p>\n\n\n\n<p>Z czasem b\u0119d\u0119 wiedzia\u0142 wi\u0119cej. Ale punkt wyj\u015bcia jest uczciwy: <strong>zero<\/strong>.<\/p>\n\n\n\n<hr class=\"wp-block-separator has-alpha-channel-opacity\"\/>\n\n\n\n<h2 class=\"wp-block-heading\">W skr\u00f3cie<\/h2>\n\n\n\n<ul class=\"wp-block-list\">\n<li>\u201ePolityka od zera\u201d to projekt edukacyjny<\/li>\n\n\n\n<li>powstaje z perspektywy osoby ucz\u0105cej si\u0119<\/li>\n\n\n\n<li>ma t\u0142umaczy\u0107 polityk\u0119 prostym j\u0119zykiem<\/li>\n\n\n\n<li>bez emocji, bez stron, bez krzyku<\/li>\n<\/ul>\n\n\n\n<hr class=\"wp-block-separator has-alpha-channel-opacity\"\/>\n\n\n\n<h2 class=\"wp-block-heading\">Czego si\u0119 dzi\u015b nauczy\u0142em<\/h2>\n\n\n\n<p>\u017be wiele os\u00f3b nie ignoruje polityki z lenistwa, tylko z zagubienia.<br>I \u017ce od tego zagubienia da si\u0119 zacz\u0105\u0107 co\u015b sensownego.<\/p>\n\n\n\n<hr class=\"wp-block-separator has-alpha-channel-opacity\"\/>\n\n\n\n<h2 class=\"wp-block-heading\">Co dalej?<\/h2>\n\n\n\n<p>W kolejnym tek\u015bcie spr\u00f3buj\u0119 odpowiedzie\u0107 na pytanie, od kt\u00f3rego warto zacz\u0105\u0107 absolutnie wszystko:<\/p>\n\n\n\n<p><strong>\u201eCzym w\u0142a\u015bciwie jest pa\u0144stwo i po co nam rz\u0105d?\u201d<\/strong><\/p>\n\n\n\n<p>Je\u015bli chcesz uczy\u0107 si\u0119 razem ze mn\u0105 \u2014 zapraszam.<\/p>\n\n\n\n<hr class=\"wp-block-separator has-alpha-channel-opacity\"\/>\n\n\n\n<h3 class=\"wp-block-heading\">\ud83d\udd17 \u0179r\u00f3d\u0142a<\/h3>\n\n\n\n<p>Na start korzystam z podstawowych, publicznych \u017ar\u00f3de\u0142:<\/p>\n\n\n\n<ul class=\"wp-block-list\">\n<li>Wikipedia (has\u0142a og\u00f3lne)<\/li>\n\n\n\n<li>gov.pl<\/li>\n\n\n\n<li>sejm.gov.pl<\/li>\n<\/ul>\n","protected":false},"excerpt":{"rendered":"<p>Przez wi\u0119kszo\u015b\u0107 \u017cycia nie interesowa\u0142em si\u0119 polityk\u0105.Nie dlatego, \u017ce uwa\u017ca\u0142em j\u0105 za niewa\u017cn\u0105 \u2014 po prostu jej nie rozumia\u0142em. Wiadomo\u015bci brzmia\u0142y jak rozmowa ludzi, kt\u00f3rzy wszyscy wiedz\u0105 co\u015b, czego ja nie wiem. W pewnym momencie dotar\u0142o do mnie, \u017ce problemem nie jest brak ch\u0119ci, tylko brak prostych wyja\u015bnie\u0144. Dlatego postanowi\u0142em spr\u00f3bowa\u0107 czego\u015b innego. O co &#8230; <a title=\"Dlaczego powsta\u0142a \u201ePolityka od zera\u201d (i dlaczego sam niewiele wiem)\" class=\"read-more\" href=\"https:\/\/polityka-od-zera.pl\/?p=37\" aria-label=\"Read more about Dlaczego powsta\u0142a \u201ePolityka od zera\u201d (i dlaczego sam niewiele wiem)\">Read more<\/a><\/p>\n","protected":false},"author":1,"featured_media":0,"comment_status":"closed","ping_status":"open","sticky":false,"template":"","format":"standard","meta":{"footnotes":""},"categories":[5],"tags":[],"class_list":["post-37","post","type-post","status-publish","format-standard","hentry","category-projekt"],"_links":{"self":[{"href":"https:\/\/polityka-od-zera.pl\/index.php?rest_route=\/wp\/v2\/posts\/37","targetHints":{"allow":["GET"]}}],"collection":[{"href":"https:\/\/polityka-od-zera.pl\/index.php?rest_route=\/wp\/v2\/posts"}],"about":[{"href":"https:\/\/polityka-od-zera.pl\/index.php?rest_route=\/wp\/v2\/types\/post"}],"author":[{"embeddable":true,"href":"https:\/\/polityka-od-zera.pl\/index.php?rest_route=\/wp\/v2\/users\/1"}],"replies":[{"embeddable":true,"href":"https:\/\/polityka-od-zera.pl\/index.php?rest_route=%2Fwp%2Fv2%2Fcomments&post=37"}],"version-history":[{"count":5,"href":"https:\/\/polityka-od-zera.pl\/index.php?rest_route=\/wp\/v2\/posts\/37\/revisions"}],"predecessor-version":[{"id":63,"href":"https:\/\/polityka-od-zera.pl\/index.php?rest_route=\/wp\/v2\/posts\/37\/revisions\/63"}],"wp:attachment":[{"href":"https:\/\/polityka-od-zera.pl\/index.php?rest_route=%2Fwp%2Fv2%2Fmedia&parent=37"}],"wp:term":[{"taxonomy":"category","embeddable":true,"href":"https:\/\/polityka-od-zera.pl\/index.php?rest_route=%2Fwp%2Fv2%2Fcategories&post=37"},{"taxonomy":"post_tag","embeddable":true,"href":"https:\/\/polityka-od-zera.pl\/index.php?rest_route=%2Fwp%2Fv2%2Ftags&post=37"}],"curies":[{"name":"wp","href":"https:\/\/api.w.org\/{rel}","templated":true}]}}