{"id":101,"date":"2026-01-08T03:31:55","date_gmt":"2026-01-08T02:31:55","guid":{"rendered":"https:\/\/polityka-od-zera.pl\/?p=101"},"modified":"2026-01-08T03:34:40","modified_gmt":"2026-01-08T02:34:40","slug":"czym-jest-narod-a-czym-spoleczenstwo-wyjasnienie-prostym-jezykiem","status":"publish","type":"post","link":"https:\/\/polityka-od-zera.pl\/?p=101","title":{"rendered":"Czym jest nar\u00f3d, a czym spo\u0142ecze\u0144stwo? Wyja\u015bnienie prostym j\u0119zykiem"},"content":{"rendered":"\n<p><strong>Nar\u00f3d<\/strong> i <strong>spo\u0142ecze\u0144stwo<\/strong> to poj\u0119cia cz\u0119sto u\u017cywane zamiennie, ale w rzeczywisto\u015bci oznaczaj\u0105 co\u015b innego. Ich zrozumienie jest kluczowe, je\u015bli chcemy \u015bwiadomie m\u00f3wi\u0107 o pa\u0144stwie, demokracji i obywatelach. W tym artykule wyja\u015bniamy r\u00f3\u017cnice <strong>bez ideologii i akademickiego \u017cargonu<\/strong>.<\/p>\n\n\n\n<hr class=\"wp-block-separator has-alpha-channel-opacity\"\/>\n\n\n\n<h2 class=\"wp-block-heading\">Czym jest nar\u00f3d?<\/h2>\n\n\n\n<p><strong>Nar\u00f3d<\/strong> to wsp\u00f3lnota ludzi po\u0142\u0105czonych <strong>poczuciem to\u017csamo\u015bci<\/strong>, a niekoniecznie formalnym obywatelstwem.<\/p>\n\n\n\n<p>Najcz\u0119\u015bciej nar\u00f3d \u0142\u0105czy:<\/p>\n\n\n\n<ul class=\"wp-block-list\">\n<li>wsp\u00f3lna historia,<\/li>\n\n\n\n<li>j\u0119zyk,<\/li>\n\n\n\n<li>kultura i tradycje,<\/li>\n\n\n\n<li>symbole (np. flaga, hymn),<\/li>\n\n\n\n<li>poczucie \u201emy\u201d.<\/li>\n<\/ul>\n\n\n\n<p>\ud83d\udc49 <strong>Najwa\u017cniejsze:<\/strong> nar\u00f3d istnieje przede wszystkim w \u015bwiadomo\u015bci ludzi.<\/p>\n\n\n\n<h3 class=\"wp-block-heading\">Nar\u00f3d a pa\u0144stwo<\/h3>\n\n\n\n<p>Nar\u00f3d <strong>nie musi mie\u0107 w\u0142asnego pa\u0144stwa<\/strong>, a jedno pa\u0144stwo mo\u017ce obejmowa\u0107 <strong>wi\u0119cej ni\u017c jeden nar\u00f3d<\/strong>.<\/p>\n\n\n\n<p>Przyk\u0142ady:<\/p>\n\n\n\n<ul class=\"wp-block-list\">\n<li>nar\u00f3d kurdyjski \u2013 bez w\u0142asnego pa\u0144stwa,<\/li>\n\n\n\n<li>pa\u0144stwa wielonarodowe \u2013 z r\u00f3\u017cnymi grupami narodowymi.<\/li>\n<\/ul>\n\n\n\n<hr class=\"wp-block-separator has-alpha-channel-opacity\"\/>\n\n\n\n<h2 class=\"wp-block-heading\">Czym jest spo\u0142ecze\u0144stwo?<\/h2>\n\n\n\n<p><strong>Spo\u0142ecze\u0144stwo<\/strong> to og\u00f3\u0142 ludzi <strong>zamieszkuj\u0105cych dane pa\u0144stwo lub terytorium<\/strong>, kt\u00f3rzy funkcjonuj\u0105 w ramach wsp\u00f3lnych instytucji, prawa i \u017cycia publicznego.<\/p>\n\n\n\n<p>Spo\u0142ecze\u0144stwo:<\/p>\n\n\n\n<ul class=\"wp-block-list\">\n<li>ma charakter <strong>faktyczny i formalny<\/strong>,<\/li>\n\n\n\n<li>obejmuje wszystkich mieszka\u0144c\u00f3w danego kraju,<\/li>\n\n\n\n<li>istnieje niezale\u017cnie od to\u017csamo\u015bci narodowej.<\/li>\n<\/ul>\n\n\n\n<p>\ud83d\udc49 Spo\u0142ecze\u0144stwo to <strong>ludzie \u017cyj\u0105cy razem tu i teraz<\/strong>, podlegaj\u0105cy tym samym zasadom.<\/p>\n\n\n\n<hr class=\"wp-block-separator has-alpha-channel-opacity\"\/>\n\n\n\n<h2 class=\"wp-block-heading\">Kluczowe r\u00f3\u017cnice mi\u0119dzy narodem a spo\u0142ecze\u0144stwem<\/h2>\n\n\n\n<figure class=\"wp-block-table\"><table class=\"has-fixed-layout\"><thead><tr><th>Nar\u00f3d<\/th><th>Spo\u0142ecze\u0144stwo<\/th><\/tr><\/thead><tbody><tr><td>Wsp\u00f3lnota kulturowa i to\u017csamo\u015bciowa<\/td><td>Wsp\u00f3lnota \u017cycia spo\u0142ecznego<\/td><\/tr><tr><td>Opiera si\u0119 na poczuciu przynale\u017cno\u015bci<\/td><td>Opiera si\u0119 na miejscu zamieszkania<\/td><\/tr><tr><td>Mo\u017ce istnie\u0107 bez pa\u0144stwa<\/td><td>Zawsze zwi\u0105zane z pa\u0144stwem<\/td><\/tr><tr><td>Ma charakter symboliczny<\/td><td>Ma charakter praktyczny<\/td><\/tr><\/tbody><\/table><\/figure>\n\n\n\n<hr class=\"wp-block-separator has-alpha-channel-opacity\"\/>\n\n\n\n<h2 class=\"wp-block-heading\">Czy ka\u017cdy obywatel nale\u017cy do narodu?<\/h2>\n\n\n\n<p>\ud83d\udc49 <strong>Nie zawsze.<\/strong><\/p>\n\n\n\n<ul class=\"wp-block-list\">\n<li>Obywatelstwo to status prawny.<\/li>\n\n\n\n<li>Przynale\u017cno\u015b\u0107 do narodu to kwestia <strong>to\u017csamo\u015bci<\/strong>.<\/li>\n<\/ul>\n\n\n\n<p>Mo\u017cna:<\/p>\n\n\n\n<ul class=\"wp-block-list\">\n<li>nale\u017ce\u0107 do narodu, ale nie mie\u0107 obywatelstwa danego pa\u0144stwa,<\/li>\n\n\n\n<li>mie\u0107 obywatelstwo, ale identyfikowa\u0107 si\u0119 z innym narodem,<\/li>\n\n\n\n<li>by\u0107 cz\u0119\u015bci\u0105 spo\u0142ecze\u0144stwa bez silnej identyfikacji narodowej.<\/li>\n<\/ul>\n\n\n\n<hr class=\"wp-block-separator has-alpha-channel-opacity\"\/>\n\n\n\n<h2 class=\"wp-block-heading\">Dlaczego to rozr\u00f3\u017cnienie jest wa\u017cne?<\/h2>\n\n\n\n<p>Rozr\u00f3\u017cnienie narodu i spo\u0142ecze\u0144stwa pomaga:<\/p>\n\n\n\n<ul class=\"wp-block-list\">\n<li>lepiej rozumie\u0107 debaty publiczne,<\/li>\n\n\n\n<li>unika\u0107 uproszcze\u0144 w polityce,<\/li>\n\n\n\n<li>\u015bwiadomie m\u00f3wi\u0107 o prawach obywateli,<\/li>\n\n\n\n<li>rozumie\u0107 konflikty to\u017csamo\u015bciowe i kulturowe.<\/li>\n<\/ul>\n\n\n\n<p>W demokracji <strong>prawo dotyczy spo\u0142ecze\u0144stwa<\/strong>, a <strong>symbolika i to\u017csamo\u015b\u0107 cz\u0119sto odnosz\u0105 si\u0119 do narodu<\/strong>.<\/p>\n\n\n\n<hr class=\"wp-block-separator has-alpha-channel-opacity\"\/>\n\n\n\n<h2 class=\"wp-block-heading\">Nar\u00f3d i spo\u0142ecze\u0144stwo w demokracji<\/h2>\n\n\n\n<p>W systemie demokratycznym:<\/p>\n\n\n\n<ul class=\"wp-block-list\">\n<li><strong>spo\u0142ecze\u0144stwo<\/strong> wybiera w\u0142adz\u0119,<\/li>\n\n\n\n<li><strong>nar\u00f3d<\/strong> cz\u0119sto stanowi punkt odniesienia dla warto\u015bci, historii i narracji politycznej.<\/li>\n<\/ul>\n\n\n\n<p>To dlatego politycy cz\u0119sto m\u00f3wi\u0105 o \u201enarodzie\u201d, nawet gdy decyzje dotycz\u0105 ca\u0142ego spo\u0142ecze\u0144stwa.<\/p>\n\n\n\n<hr class=\"wp-block-separator has-alpha-channel-opacity\"\/>\n\n\n\n<h2 class=\"wp-block-heading\">Podsumowanie<\/h2>\n\n\n\n<ul class=\"wp-block-list\">\n<li><strong>Nar\u00f3d<\/strong> to wsp\u00f3lnota to\u017csamo\u015bci, kultury i historii.<\/li>\n\n\n\n<li><strong>Spo\u0142ecze\u0144stwo<\/strong> to wszyscy ludzie \u017cyj\u0105cy w danym pa\u0144stwie.<\/li>\n\n\n\n<li>Poj\u0119cia te <strong>nie s\u0105 to\u017csame<\/strong>, cho\u0107 cz\u0119sto si\u0119 przenikaj\u0105.<\/li>\n\n\n\n<li>Ich rozr\u00f3\u017cnienie jest kluczowe dla \u015bwiadomego rozumienia polityki.<\/li>\n<\/ul>\n","protected":false},"excerpt":{"rendered":"<p>Nar\u00f3d i spo\u0142ecze\u0144stwo to poj\u0119cia cz\u0119sto u\u017cywane zamiennie, ale w rzeczywisto\u015bci oznaczaj\u0105 co\u015b innego. Ich zrozumienie jest kluczowe, je\u015bli chcemy \u015bwiadomie m\u00f3wi\u0107 o pa\u0144stwie, demokracji i obywatelach. W tym artykule wyja\u015bniamy r\u00f3\u017cnice bez ideologii i akademickiego \u017cargonu. Czym jest nar\u00f3d? Nar\u00f3d to wsp\u00f3lnota ludzi po\u0142\u0105czonych poczuciem to\u017csamo\u015bci, a niekoniecznie formalnym obywatelstwem. Najcz\u0119\u015bciej nar\u00f3d \u0142\u0105czy: \ud83d\udc49 &#8230; <a title=\"Czym jest nar\u00f3d, a czym spo\u0142ecze\u0144stwo? Wyja\u015bnienie prostym j\u0119zykiem\" class=\"read-more\" href=\"https:\/\/polityka-od-zera.pl\/?p=101\" aria-label=\"Read more about Czym jest nar\u00f3d, a czym spo\u0142ecze\u0144stwo? Wyja\u015bnienie prostym j\u0119zykiem\">Read more<\/a><\/p>\n","protected":false},"author":1,"featured_media":0,"comment_status":"closed","ping_status":"open","sticky":false,"template":"","format":"standard","meta":{"footnotes":""},"categories":[1],"tags":[21,17,19,9,22,23,18,20],"class_list":["post-101","post","type-post","status-publish","format-standard","hentry","category-polityka","tag-edukacja-obywatelska","tag-narod","tag-obywatele","tag-panstwo","tag-podstawy-polityki","tag-polityka-od-zera","tag-spoleczenstwo","tag-wspolnota"],"_links":{"self":[{"href":"https:\/\/polityka-od-zera.pl\/index.php?rest_route=\/wp\/v2\/posts\/101","targetHints":{"allow":["GET"]}}],"collection":[{"href":"https:\/\/polityka-od-zera.pl\/index.php?rest_route=\/wp\/v2\/posts"}],"about":[{"href":"https:\/\/polityka-od-zera.pl\/index.php?rest_route=\/wp\/v2\/types\/post"}],"author":[{"embeddable":true,"href":"https:\/\/polityka-od-zera.pl\/index.php?rest_route=\/wp\/v2\/users\/1"}],"replies":[{"embeddable":true,"href":"https:\/\/polityka-od-zera.pl\/index.php?rest_route=%2Fwp%2Fv2%2Fcomments&post=101"}],"version-history":[{"count":1,"href":"https:\/\/polityka-od-zera.pl\/index.php?rest_route=\/wp\/v2\/posts\/101\/revisions"}],"predecessor-version":[{"id":102,"href":"https:\/\/polityka-od-zera.pl\/index.php?rest_route=\/wp\/v2\/posts\/101\/revisions\/102"}],"wp:attachment":[{"href":"https:\/\/polityka-od-zera.pl\/index.php?rest_route=%2Fwp%2Fv2%2Fmedia&parent=101"}],"wp:term":[{"taxonomy":"category","embeddable":true,"href":"https:\/\/polityka-od-zera.pl\/index.php?rest_route=%2Fwp%2Fv2%2Fcategories&post=101"},{"taxonomy":"post_tag","embeddable":true,"href":"https:\/\/polityka-od-zera.pl\/index.php?rest_route=%2Fwp%2Fv2%2Ftags&post=101"}],"curies":[{"name":"wp","href":"https:\/\/api.w.org\/{rel}","templated":true}]}}